{"id":2757,"date":"2026-04-28T10:45:54","date_gmt":"2026-04-28T08:45:54","guid":{"rendered":"https:\/\/itgespub.net\/?p=2757"},"modified":"2026-04-28T10:45:55","modified_gmt":"2026-04-28T08:45:55","slug":"celebrada-la-conferencia-inaugural-de-la-european-network-of-public-administration","status":"publish","type":"post","link":"https:\/\/itgespub.net\/en\/celebrada-la-conferencia-inaugural-de-la-european-network-of-public-administration\/","title":{"rendered":"Celebrada la Conferencia Inaugural de la European Network of Public Administration"},"content":{"rendered":"<p>La semana pasada, diferentes integrantes de nuestro <a href=\"https:\/\/itgespub.net\/en\/equipo\/\" target=\"_blank\" rel=\"noreferrer noopener\">Team<\/a> han desarrollado actividades en la Conferencia Inaugural de la <a href=\"https:\/\/www.enpaeurope.com\/enpa-inaugural-conference-2026\" target=\"_blank\" rel=\"noreferrer noopener\"><strong>European Network of Public Administration<\/strong><\/a> (ENPA) \u201c<strong>Shaping the future of public administration in Europe together\u201d<\/strong>. Esta red es la principal sociedad cient\u00edfica europea dirigida por sus miembros, con m\u00e1s de 20 <a href=\"https:\/\/www.enpaeurope.com\/research-groups\" target=\"_blank\" rel=\"noreferrer noopener\">grupos consolidados y tem\u00e1ticos<\/a> sobre diferentes \u00e1reas de inter\u00e9s dentro de la Administraci\u00f3n P\u00fablica, la Gesti\u00f3n P\u00fablica y las Pol\u00edticas P\u00fablicas. La excelente organizaci\u00f3n de la conferencia corri\u00f3 a cargo de la <a href=\"https:\/\/en.ase.ro\/index_en.asp\" target=\"_blank\" rel=\"noreferrer noopener\">Bucharest University of Economic Studies<\/a>, Ruman\u00eda. En torno a 500 participantes han logrado establecer las bases de un alto nivel de rigor en el debate acad\u00e9mico y la mayor capacidad de transferencia aplicada de ideas para el sector p\u00fablico europeo.<\/p>\n\n\n\n<p>Dentro de la conferencia, <a href=\"https:\/\/itgespub.net\/en\/\" target=\"_blank\" rel=\"noreferrer noopener\"><strong>IT_GesPub<\/strong><\/a> cont\u00f3 con una nutrida participaci\u00f3n. Por un lado, <a href=\"https:\/\/www.linkedin.com\/in\/jicriado\/\" target=\"_blank\" rel=\"noreferrer noopener\">J. Ignacio Criado<\/a> intervino como co-chair en la coordinaci\u00f3n del <a href=\"https:\/\/www.enpaeurope.com\/e-government\" target=\"_blank\" rel=\"noreferrer noopener\"><strong>Grupo de Trabajo sobre e-Government<\/strong><\/a>, junto a <a href=\"https:\/\/www.linkedin.com\/in\/albert-meijer-693a465\/\" target=\"_blank\" rel=\"noreferrer noopener\"><strong>Albert Meijer<\/strong><\/a> <a href=\"https:\/\/www.linkedin.com\/company\/universiteit-utrecht\/\"><\/a>y <a href=\"https:\/\/www.linkedin.com\/in\/shirley-kempeneer-1a2a1880\/\" target=\"_blank\" rel=\"noreferrer noopener\"><strong>Shirley Kempeneer<\/strong><\/a>, dentro del que se presentaron casi 50 ponencias. En este grupo de trabajo, <strong>Juli\u00e1n Villodre<\/strong> actu\u00f3 como discussant, junto con <strong>Carlos Jim\u00e9nez Cid<\/strong> e <strong>Irene Liarte<\/strong> que tambi\u00e9n intervinieron como ponentes. Adicionalmente, tambi\u00e9n hubo una presencia activa junto a <strong>Ariana Guevara<\/strong> en los grupos sobre <a href=\"https:\/\/www.enpaeurope.com\/public-sector-communication-and-branding\" target=\"_blank\" rel=\"noreferrer noopener\"><strong>Public Sector Communication and Branding<\/strong><\/a> y <a href=\"https:\/\/www.enpaeurope.com\/research-based-knowledge-dissemination-in-public-administration\" target=\"_blank\" rel=\"noreferrer noopener\"><strong>Research Based Knowledge Dissemination in Public Administration<\/strong><\/a>.<\/p>\n\n\n\n<p>Frente a la diversidad de propuestas e intervenciones, concretamos nuestra participaci\u00f3n en cuatro presentaciones, cuya consulta ampliada puede realizarse en el programa del congreso <a href=\"https:\/\/enpaconference2026.exordo.com\/programme\/at-a-glance\" target=\"_blank\" rel=\"noreferrer noopener\">aqu\u00ed<\/a>:\u00a0<\/p>\n\n\n\n<ul class=\"wp-block-list\">\n<li>En el panel de e-Government, <strong>J. Ignacio Criado<\/strong> realiz\u00f3 la presentaci\u00f3n de un trabajo en curso junto a Juli\u00e1n Villodre y Carlos Jim\u00e9nez Cid en el que se analiza el potencial de la IA para la gesti\u00f3n de redes sociales institucionales, apoyado en un cuestionario distribuido a los\/as gestores\/as p\u00fablicas de este \u00e1rea en los municipios espa\u00f1oles de m\u00e1s de 50.000 habitantes.<\/li>\n\n\n\n<li>Por su parte, <strong>Carlos Jim\u00e9nez<\/strong> plante\u00f3 un total de tres intervenciones en diferentes grupos de trabajo. En base a los datos del mencionado cuestionario, abord\u00f3 la existencia de diferentes respuestas institucionales en redes sociales contra la desinformaci\u00f3n. En paralelo, present\u00f3 un trabajo liderado por Ariana Guevara y J. Ignacio Criado acerca de los procesos de ense\u00f1anza-aprendizaje mediados por IA en el \u00e1mbito de la Administraci\u00f3n P\u00fablica en base a una experiencia de innovaci\u00f3n docente. Tambi\u00e9n, comparti\u00f3 sus hallazgos iniciales en la adopci\u00f3n de chatbots en el contexto del sector p\u00fablico europeo partiendo de la base de datos del <a href=\"https:\/\/interoperable-europe.ec.europa.eu\/collection\/public-sector-tech-watch\" data-type=\"link\" data-id=\"https:\/\/interoperable-europe.ec.europa.eu\/collection\/public-sector-tech-watch\" target=\"_blank\" rel=\"noreferrer noopener\">Public Sector Tech Watch<\/a> que aglutina miles de casos de uso de IA institucional en la regi\u00f3n.\u00a0<\/li>\n\n\n\n<li>Finalmente, <strong>Irene Liarte<\/strong> present\u00f3, en coautor\u00eda con Guillem Ripoll, los resultados preliminares de una revisi\u00f3n sistem\u00e1tica de literatura sobre el uso estrat\u00e9gico de la innovaci\u00f3n p\u00fablica para fines iliberales y sus efectos en la calidad democr\u00e1tica.<\/li>\n<\/ul>\n\n\n\n<p>Adem\u00e1s de la coordinaci\u00f3n, debate y elaboraci\u00f3n de ponencias, tambi\u00e9n se han llevado a cabo diferentes reuniones informales, intercambios acad\u00e9micos, as\u00ed como propuestas de colaboraci\u00f3n que permitir\u00e1n consolidar las l\u00edneas de trabajo de nuestro Lab en el futuro. Todo ello, dentro de una vibrante, diversa e interdisciplinar comunidad acad\u00e9mica que pretende integrar a cualquiera con inter\u00e9s en el estudio y an\u00e1lisis de los retos del Estado y el Sector P\u00fablico en el presente y futuro.<\/p>","protected":false},"excerpt":{"rendered":"<p>La semana pasada, diferentes integrantes de nuestro Equipo han desarrollado actividades en la Conferencia Inaugural de la European Network of Public Administration (ENPA) \u201cShaping the future of public administration in Europe together\u201d. Esta red es la principal sociedad cient\u00edfica europea dirigida por sus miembros, con m\u00e1s de 20 grupos consolidados y tem\u00e1ticos sobre diferentes \u00e1reas de inter\u00e9s dentro de la Administraci\u00f3n P\u00fablica, la Gesti\u00f3n P\u00fablica y las Pol\u00edticas P\u00fablicas. La excelente organizaci\u00f3n de la conferencia corri\u00f3 a cargo de la Bucharest University of Economic Studies, Ruman\u00eda. En torno a 500 participantes han logrado establecer las bases de un alto nivel de rigor en el debate acad\u00e9mico y la mayor capacidad de transferencia aplicada de ideas para el sector p\u00fablico europeo.<\/p>","protected":false},"author":8,"featured_media":2758,"comment_status":"closed","ping_status":"closed","sticky":false,"template":"","format":"standard","meta":{"footnotes":""},"categories":[11],"tags":[45,139,168],"class_list":["post-2757","post","type-post","status-publish","format-standard","has-post-thumbnail","hentry","category-actividades-y-eventos","tag-administracion-publica","tag-congreso","tag-enpa"],"_links":{"self":[{"href":"https:\/\/itgespub.net\/en\/wp-json\/wp\/v2\/posts\/2757","targetHints":{"allow":["GET"]}}],"collection":[{"href":"https:\/\/itgespub.net\/en\/wp-json\/wp\/v2\/posts"}],"about":[{"href":"https:\/\/itgespub.net\/en\/wp-json\/wp\/v2\/types\/post"}],"author":[{"embeddable":true,"href":"https:\/\/itgespub.net\/en\/wp-json\/wp\/v2\/users\/8"}],"replies":[{"embeddable":true,"href":"https:\/\/itgespub.net\/en\/wp-json\/wp\/v2\/comments?post=2757"}],"version-history":[{"count":1,"href":"https:\/\/itgespub.net\/en\/wp-json\/wp\/v2\/posts\/2757\/revisions"}],"predecessor-version":[{"id":2759,"href":"https:\/\/itgespub.net\/en\/wp-json\/wp\/v2\/posts\/2757\/revisions\/2759"}],"wp:featuredmedia":[{"embeddable":true,"href":"https:\/\/itgespub.net\/en\/wp-json\/wp\/v2\/media\/2758"}],"wp:attachment":[{"href":"https:\/\/itgespub.net\/en\/wp-json\/wp\/v2\/media?parent=2757"}],"wp:term":[{"taxonomy":"category","embeddable":true,"href":"https:\/\/itgespub.net\/en\/wp-json\/wp\/v2\/categories?post=2757"},{"taxonomy":"post_tag","embeddable":true,"href":"https:\/\/itgespub.net\/en\/wp-json\/wp\/v2\/tags?post=2757"}],"curies":[{"name":"wp","href":"https:\/\/api.w.org\/{rel}","templated":true}]}}