{"id":2065,"date":"2023-04-18T15:58:18","date_gmt":"2023-04-18T13:58:18","guid":{"rendered":"https:\/\/itgespub.net\/?p=2065"},"modified":"2023-04-18T16:00:46","modified_gmt":"2023-04-18T14:00:46","slug":"jornada-en-la-uam-sobre-inteligencia-artificial-en-la-administracion-publica","status":"publish","type":"post","link":"https:\/\/itgespub.net\/en\/jornada-en-la-uam-sobre-inteligencia-artificial-en-la-administracion-publica\/","title":{"rendered":"Jornada en la UAM sobre Inteligencia Artificial en la Administraci\u00f3n P\u00fablica"},"content":{"rendered":"<p>El pr\u00f3ximo 25 de abril de 2023 se celebrar\u00e1 la jornada <strong><em>Inteligencia Artificial en la Administraci\u00f3n P\u00fablica. Estrategias, pol\u00edticas y servicios p\u00fablicos y personas<\/em><\/strong>. La actividad comenzar\u00e1 a las 10:30h, en el Aula Magna (Aula G-III) de la Facultad de Derecho de la Universidad Aut\u00f3noma de Madrid (UAM), y est\u00e1 dirigida a estudiantes, personal docente e investigador, y p\u00fablico en general.<\/p>\n\n\n\n<p>En la primera parte del evento, <strong>Carmen Cabanillas Serrano<\/strong>, presidenta de la Asociaci\u00f3n Profesional de Cuerpos Superiores de Sistemas y Tecnolog\u00edas de la Informaci\u00f3n de las Administraciones P\u00fablicas (ASTIC) y Subdirectora General de Gobernanza en materia de Registros de la Direcci\u00f3n General de Gobernanza P\u00fablica, ofrecer\u00e1 una conferencia sobre los <strong>retos y oportunidades de la Inteligencia Artificial en el sector p\u00fablico en Espa\u00f1a<\/strong>.<\/p>\n\n\n\n<p>Posteriormente, se desarrollar\u00e1 una mesa redonda sobre los <strong>desaf\u00edos de la Inteligencia Artificial en la administraci\u00f3n p\u00fablica desde la perspectiva del Congreso de los Diputados<\/strong>, con la participaci\u00f3n de Jos\u00e9 Antonio Rodr\u00edguez Salas, Diputado del Grupo Parlamentario Socialista, y Juan Luis Pedre\u00f1o, Diputado del Grupo Parlamentario Popular, con la moderaci\u00f3n de Ariana Guevara G\u00f3mez, investigadora predoctoral de IT_GesPub, Departamento de Ciencia Pol\u00edtica y Relaciones Internacionales de la UAM.<\/p>\n\n\n\n<p>La segunda parte de la jornada comenzar\u00e1 a las 12:45h, en el Sal\u00f3n de Grados Luis D\u00edez Picazo, y consistir\u00e1 en un seminario sobre la <strong>Inteligencia Artificial y las estrategias nacionales desde una perspectiva acad\u00e9mica<\/strong>. Participar\u00e1n J. Ignacio Criado, profesor del Departamento de Ciencia Pol\u00edtica y Relaciones Internacionales de la UAM y director de IT_GesPub; Edgar Ruvalcaba G\u00f3mez, profesor e investigador de la Universidad de Guadalajara (M\u00e9xico) &#8211; Fellow MIAS \u2013 Fran\u00e7ois Chevalier; y Ariana Guevara G\u00f3mez, investigadora predoctoral de IT_GesPub, Departamento de Ciencia Pol\u00edtica y Relaciones Internacionales de la UAM. En esta secci\u00f3n se abordar\u00e1 el caso de Espa\u00f1a en el contexto internacional, la situaci\u00f3n de Am\u00e9rica Latina, y la dimensi\u00f3n de g\u00e9nero en el desarrollo de la Inteligencia Artificial en el sector p\u00fablico.<\/p>\n\n\n\n<p>A continuaci\u00f3n se detalla el <strong>programa <\/strong>completo de la actividad:<\/p>\n\n\n\n<h6 class=\"wp-block-heading has-text-align-center\"><strong>Aula Magna (Aula G-III) \u2013Facultad de Derecho<\/strong><\/h6>\n\n\n\n<p><strong>10:30h \u2013 10:40h. Inauguraci\u00f3n Institucional<\/strong><\/p>\n\n\n\n<p><strong>Ignacio Molina A. de Cienfuegos<\/strong>. Profesor y Director del Departamento de Ciencia Pol\u00edtica y Relaciones Internacionales, UAM.<\/p>\n\n\n\n<p><strong>J. Ignacio Criado<\/strong>. Profesor del Departamento de Ciencia Pol\u00edtica y Relaciones Internacionales, UAM. Director del Lab Grupo de Investigaci\u00f3n Innovaci\u00f3n, Tecnolog\u00eda y Gesti\u00f3n P\u00fablica (IT_GesPub).<\/p>\n\n\n\n<p><strong>10:40h \u2013 11:10h. Conferencia<\/strong>: <strong>Retos y oportunidades de la Inteligencia Artificial en el sector p\u00fablico en Espa\u00f1a<\/strong><\/p>\n\n\n\n<p><strong>Carmen Cabanillas Serrano<\/strong>. Presidenta de la Asociaci\u00f3n Profesional de Cuerpos Superiores de Sistemas y Tecnolog\u00edas de la Informaci\u00f3n de las Administraciones P\u00fablicas (ASTIC). Subdirectora General de Gobernanza en materia de Registros. Ministerio de Hacienda y Funci\u00f3n P\u00fablica.<\/p>\n\n\n\n<p><strong>11:15h \u2013 11:45h. Mesa redonda<\/strong>: <strong>Desaf\u00edos de la Inteligencia Artificial en la Administraci\u00f3n P\u00fablica. Perspectivas desde el Congreso de los Diputados<\/strong><\/p>\n\n\n\n<p><strong>Juan Luis Pedre\u00f1o<\/strong>. Diputado del Grupo Parlamentario Popular. Portavoz de la Comisi\u00f3n de Asuntos Econ\u00f3micos y Transformaci\u00f3n Digital, y portavoz adjunto de la Comisi\u00f3n de Ciencia, Innovaci\u00f3n y Universidades.<\/p>\n\n\n\n<p><strong>Jos\u00e9 Antonio Rodr\u00edguez Salas<\/strong>. Diputado del Grupo Parlamentario Socialista. Portavoz adjunto de la Comisi\u00f3n de Asuntos Econ\u00f3micos y Transformaci\u00f3n Digital y Vicepresidente Primero de la Comisi\u00f3n Mixta de Seguridad Nacional.<\/p>\n\n\n\n<p><strong>Modera<\/strong>: <strong>Ariana Guevara G\u00f3mez<\/strong>. Investigadora en el Departamento de Ciencia Pol\u00edtica y Relaciones Internacionales, y Lab Grupo de Investigaci\u00f3n Innovaci\u00f3n, Tecnolog\u00eda y Gesti\u00f3n P\u00fablica (IT_GesPub), UAM.<\/p>\n\n\n\n<p><strong>11:45h \u2013 12:15h. Preguntas y debate con el p\u00fablico<\/strong><\/p>\n\n\n\n<p><strong>12:15h \u2013 12:20h. Conclusiones<\/strong><\/p>\n\n\n\n<h6 class=\"wp-block-heading has-text-align-center\"><strong>Sal\u00f3n de Grados Luis D\u00edez Picazo \u2013 Edificio Ciencias Jur\u00eddicas, Pol\u00edticas y Econ\u00f3micas. Facultad de Derecho<\/strong><\/h6>\n\n\n\n<p><strong>12:45h \u2013 13:00h. Seminario. Presentaci\u00f3n<\/strong><\/p>\n\n\n\n<p><strong>J. Ignacio Criado<\/strong>. Profesor del Departamento de Ciencia Pol\u00edtica y Relaciones Internacionales, UAM. Director del Lab Grupo de Investigaci\u00f3n Innovaci\u00f3n, Tecnolog\u00eda y Gesti\u00f3n P\u00fablica (IT_GesPub).<\/p>\n\n\n\n<p><strong>13:00h \u2013 13:45h. Seminario. Ponencias<\/strong>: <strong>IA y Estrategias Nacionales de IA. Una mirada acad\u00e9mica<\/strong><\/p>\n\n\n\n<ul class=\"wp-block-list\">\n<li style=\"font-size:16px\"><strong>Inteligencia Artificial y Estrategias Nacionales de Inteligencia Artificial. Espa\u00f1a en el contexto internacional<\/strong>. <strong>J. Ignacio Criado<\/strong>, profesor del Departamento de Ciencia Pol\u00edtica y Relaciones Internacionales, UAM. Director del Lab Grupo de Investigaci\u00f3n Innovaci\u00f3n, Tecnolog\u00eda y Gesti\u00f3n P\u00fablica (IT_GesPub).<\/li>\n\n\n\n<li style=\"font-size:16px\"><strong>Inteligencia Artificial y Estrategias Nacionales de Inteligencia Artificial. El caso de Am\u00e9rica Latina<\/strong>. <strong>Edgar Ruvalcaba G\u00f3mez<\/strong>, profesor e investigador de la Universidad de Guadalajara- Fellow MIAS \u2013 Fran\u00e7ois Chevalier.<\/li>\n\n\n\n<li style=\"font-size:16px\"><strong>Inteligencia Artificial y Estrategias Nacionales de Inteligencia Artificial. Una aproximaci\u00f3n desde la perspectiva de g\u00e9nero<\/strong>. <strong>Ariana Guevara G\u00f3mez<\/strong>, investigadora en el Departamento de Ciencia Pol\u00edtica y Relaciones Internacionales, y Lab Grupo de Investigaci\u00f3n Innovaci\u00f3n, Tecnolog\u00eda y Gesti\u00f3n P\u00fablica (IT_GesPub), UAM.<\/li>\n<\/ul>\n\n\n\n<p><strong>13:45h \u2013 14:15h. Preguntas y debate con el p\u00fablico<\/strong><\/p>\n\n\n\n<p style=\"font-size:16px\"><strong>14:15h \u2013 14:30h. Conclusiones y clausura de la jornada<\/strong><\/p>","protected":false},"excerpt":{"rendered":"<p>El pr\u00f3ximo 25 de abril de 2023 se celebrar\u00e1 la jornada Inteligencia Artificial en la Administraci\u00f3n P\u00fablica. Estrategias, pol\u00edticas y servicios p\u00fablicos y personas. La actividad comenzar\u00e1 a las 10:30h, en el Aula Magna (Aula G-III) de la Facultad de Derecho de la Universidad Aut\u00f3noma de Madrid (UAM), y est\u00e1 dirigida a estudiantes, personal docente e investigador, y p\u00fablico en general.<\/p>","protected":false},"author":8,"featured_media":2066,"comment_status":"closed","ping_status":"closed","sticky":false,"template":"","format":"standard","meta":{"footnotes":""},"categories":[11],"tags":[45,35,16],"class_list":["post-2065","post","type-post","status-publish","format-standard","has-post-thumbnail","hentry","category-actividades-y-eventos","tag-administracion-publica","tag-inteligencia-artificial","tag-uam"],"_links":{"self":[{"href":"https:\/\/itgespub.net\/en\/wp-json\/wp\/v2\/posts\/2065","targetHints":{"allow":["GET"]}}],"collection":[{"href":"https:\/\/itgespub.net\/en\/wp-json\/wp\/v2\/posts"}],"about":[{"href":"https:\/\/itgespub.net\/en\/wp-json\/wp\/v2\/types\/post"}],"author":[{"embeddable":true,"href":"https:\/\/itgespub.net\/en\/wp-json\/wp\/v2\/users\/8"}],"replies":[{"embeddable":true,"href":"https:\/\/itgespub.net\/en\/wp-json\/wp\/v2\/comments?post=2065"}],"version-history":[{"count":0,"href":"https:\/\/itgespub.net\/en\/wp-json\/wp\/v2\/posts\/2065\/revisions"}],"wp:featuredmedia":[{"embeddable":true,"href":"https:\/\/itgespub.net\/en\/wp-json\/wp\/v2\/media\/2066"}],"wp:attachment":[{"href":"https:\/\/itgespub.net\/en\/wp-json\/wp\/v2\/media?parent=2065"}],"wp:term":[{"taxonomy":"category","embeddable":true,"href":"https:\/\/itgespub.net\/en\/wp-json\/wp\/v2\/categories?post=2065"},{"taxonomy":"post_tag","embeddable":true,"href":"https:\/\/itgespub.net\/en\/wp-json\/wp\/v2\/tags?post=2065"}],"curies":[{"name":"wp","href":"https:\/\/api.w.org\/{rel}","templated":true}]}}