{"id":1819,"date":"2022-07-04T16:29:00","date_gmt":"2022-07-04T14:29:00","guid":{"rendered":"https:\/\/itgespub.net\/?p=1819"},"modified":"2022-07-04T19:51:39","modified_gmt":"2022-07-04T17:51:39","slug":"it_gespub-en-la-semana-de-la-administracion-abierta-saa2022","status":"publish","type":"post","link":"https:\/\/itgespub.net\/en\/it_gespub-en-la-semana-de-la-administracion-abierta-saa2022\/","title":{"rendered":"IT_GesPub en la Semana de la Administraci\u00f3n Abierta (#SAA2022)"},"content":{"rendered":"<p><strong>The IT_GesPub team<\/strong> estuvo presente en la <a href=\"https:\/\/transparencia.gob.es\/transparencia\/transparencia_Home\/index\/Gobierno-abierto\/sensibilizacion-formacion\/SemanaAA.html\" target=\"_blank\" rel=\"noreferrer noopener\">Semana de la Administraci\u00f3n Abierta 2022<\/a> \u2014que se celebr\u00f3 desde el 21 de junio hasta el 1 de julio\u2014, concretamente en dos actividades que resaltaron el potencial que tiene el Gobierno Abierto y la Administraci\u00f3n Abierta para transformar la gesti\u00f3n de los asuntos p\u00fablicos.&nbsp;<\/p>\n\n\n\n<h4 class=\"wp-block-heading\"><strong>Gobierno Abierto: investigaci\u00f3n, formaci\u00f3n y acci\u00f3n<\/strong><\/h4>\n\n\n\n<p>La primera de estas actividades se desarroll\u00f3 el 28 de junio en el Centro de Estudios Pol\u00edticos y Constitucionales (CEPC), y en su inauguraci\u00f3n participaron Yolanda G\u00f3mez S\u00e1nchez, directora del CEPC; Clara Mapelli Marchena, directora general de Gobernanza P\u00fablica del Ministerio de Hacienda y Funci\u00f3n P\u00fablica; y J. Ignacio Criado, profesor de la Universidad Aut\u00f3noma de Madrid y director de<strong> IT_GesPub<\/strong>. El t\u00edtulo del evento, <a href=\"https:\/\/www.cepc.gob.es\/agenda\/gobierno-abierto-formacion-investigacion-y-accion\" target=\"_blank\" rel=\"noreferrer noopener\"><strong><em>Gobierno Abierto: investigaci\u00f3n, formaci\u00f3n y acci\u00f3n<\/em><\/strong><\/a>, resume la visi\u00f3n de <strong>IT_GesPub<\/strong> sobre este tema: para la difusi\u00f3n del Gobierno Abierto y la Administraci\u00f3n Abierta se necesita impulsar la investigaci\u00f3n (tanto desde la academia como desde otras organizaciones) para conocer de una forma precisa las realidades en torno a este asunto; la formaci\u00f3n y la sensibilizaci\u00f3n sobre esos conocimientos; y, finalmente, la implementaci\u00f3n de proyectos e iniciativas que permitan poner en pr\u00e1ctica los principios de transparencia, participaci\u00f3n y colaboraci\u00f3n.&nbsp;<\/p>\n\n\n\n<p>Siguiendo esta l\u00f3gica, J. Ignacio Criado present\u00f3 un balance del <a rel=\"noreferrer noopener\" href=\"https:\/\/www.cepc.gob.es\/actualidad\/curso-sobre-gobierno-abierto-y-ciudadania-transparencia-participacion-y-colaboracion\" target=\"_blank\">curso <em>Gobierno Abierto y Ciudadan\u00eda. Transparencia, Participaci\u00f3n y Colaboraci\u00f3n<\/em><\/a>, organizado por el CEPC y coordinado por <strong>IT_GesPub<\/strong>. El programa formativo se desarroll\u00f3 en modalidad online, desde el 2 de marzo hasta el 7 de abril de 2022, con un m\u00f3dulo optativo hasta el 6 de mayo de 2022. Durante el curso hubo una participaci\u00f3n activa de m\u00e1s de 120 personas provenientes del sector p\u00fablico, organizaciones del tercer sector, empresas privadas y academia. Finalmente, seis participantes tuvieron la oportunidad de desarrollar proyectos bajo la mentorizaci\u00f3n del equipo docente, para poner en pr\u00e1ctica los conocimientos adquiridos durante el curso en contextos espec\u00edficos.&nbsp;<\/p>\n\n\n\n<p><\/p>\n\n\n\n<figure class=\"wp-block-image aligncenter size-large is-resized\"><img fetchpriority=\"high\" decoding=\"async\" src=\"https:\/\/itgespub.net\/wp-content\/uploads\/2022\/07\/CEPC-2-1-1024x768.jpg\" alt=\"\" class=\"wp-image-1824\" width=\"417\" height=\"312\" srcset=\"https:\/\/itgespub.net\/wp-content\/uploads\/2022\/07\/CEPC-2-1-1024x768.jpg 1024w, https:\/\/itgespub.net\/wp-content\/uploads\/2022\/07\/CEPC-2-1-300x225.jpg 300w, https:\/\/itgespub.net\/wp-content\/uploads\/2022\/07\/CEPC-2-1-768x576.jpg 768w, https:\/\/itgespub.net\/wp-content\/uploads\/2022\/07\/CEPC-2-1-1536x1152.jpg 1536w, https:\/\/itgespub.net\/wp-content\/uploads\/2022\/07\/CEPC-2-1-16x12.jpg 16w, https:\/\/itgespub.net\/wp-content\/uploads\/2022\/07\/CEPC-2-1-920x690.jpg 920w, https:\/\/itgespub.net\/wp-content\/uploads\/2022\/07\/CEPC-2-1-230x173.jpg 230w, https:\/\/itgespub.net\/wp-content\/uploads\/2022\/07\/CEPC-2-1-350x263.jpg 350w, https:\/\/itgespub.net\/wp-content\/uploads\/2022\/07\/CEPC-2-1-480x360.jpg 480w, https:\/\/itgespub.net\/wp-content\/uploads\/2022\/07\/CEPC-2-1.jpg 2048w\" sizes=\"(max-width: 417px) 100vw, 417px\" \/><\/figure>\n\n\n\n<p>Precisamente, durante la jornada <a rel=\"noreferrer noopener\" href=\"https:\/\/www.cepc.gob.es\/agenda\/gobierno-abierto-formacion-investigacion-y-accion\" target=\"_blank\"><strong><em>Gobierno Abierto: investigaci\u00f3n, formaci\u00f3n y acci\u00f3n<\/em><\/strong><\/a> del 28 de junio, <a rel=\"noreferrer noopener\" href=\"https:\/\/www.cepc.gob.es\/sites\/default\/files\/2022-06\/20220628%20Programa%20Jornada%20Gobierno%20Abierto.pdf\" target=\"_blank\">se presentaron cuatro de estos proyectos<\/a>, elaborados por participantes vinculados\/as al sector p\u00fablico y el tercer sector. Entre las propuestas se encuentran una gu\u00eda pr\u00e1ctica sobre las obligaciones de publicidad activa aplicables a los ayuntamientos de la Comunidad de Madrid; una propuesta de mejora para implementar las pol\u00edticas de Gobierno Abierto y Agenda 2030 en Gran Canaria; un proyecto de mejora de la participaci\u00f3n ciudadana en servicios de salud en Catalu\u00f1a; y un programa de capacitaci\u00f3n hol\u00edstica para personas empleadas p\u00fablicas. De esta forma, se demostr\u00f3 la versatilidad y el potencial de la <strong><em>acci\u00f3n<\/em><\/strong> en materia de Gobierno Abierto.&nbsp;<\/p>\n\n\n\n<p>En el mismo evento, J. Ignacio Criado y Mayte Salvador, subdirectora de Estudios e Investigaci\u00f3n del CEPC, presentaron la <strong>l\u00ednea de investigaci\u00f3n<\/strong> sobre Gobierno Abierto del CEPC, enmarcada en la Red Acad\u00e9mica de Gobierno Abierto. Como parte de esta l\u00ednea, se impulsar\u00e1 la investigaci\u00f3n en materia de Gobierno Abierto a trav\u00e9s de varias acciones, entre ellas, la organizaci\u00f3n de premios a trabajos de fin de m\u00e1ster y tesis doctorales sobre este tema. Tambi\u00e9n se desarrollar\u00e1n nuevas ediciones del curso <em>Gobierno Abierto y Ciudadan\u00eda. Transparencia, Participaci\u00f3n y Colaboraci\u00f3n<\/em>.&nbsp;&nbsp;<\/p>\n\n\n\n<h4 class=\"wp-block-heading\"><strong>M\u00e1s formaci\u00f3n en Gobierno Abierto y Administraci\u00f3n Abierta: Aula Mentor<\/strong><\/h4>\n\n\n\n<p>La segunda de las actividades enmarcadas en la Semana de la Administraci\u00f3n Abierta 2022, en la que particip\u00f3 <strong>IT_GesPub<\/strong>, fue el <a href=\"https:\/\/www.youtube.com\/watch?v=FvEsAHTvouE\"><strong><em>Gobierno Abierto <\/em><\/strong><\/a><strong><em><a rel=\"noreferrer noopener\" href=\"https:\/\/www.youtube.com\/watch?v=FvEsAHTvouE\" target=\"_blank\">y <\/a><\/em><\/strong><a href=\"https:\/\/www.youtube.com\/watch?v=FvEsAHTvouE\"><strong><em>accesibilidad a la formaci\u00f3n en Aulas Mentor<\/em><\/strong><\/a>, evento que se llev\u00f3 a cabo en Madrigal de las Altas Torres el mi\u00e9rcoles 29 de junio. En esta ocasi\u00f3n, J. Ignacio Criado present\u00f3 el curso <a rel=\"noreferrer noopener\" href=\"https:\/\/www.aulamentor.es\/wp-content\/uploads\/2022\/05\/Curso-ADG-Administracion-abierta-y-ciudadania.-Transparencia-participacion-e-innovacion-publica.pdf\" target=\"_blank\"><strong><em>Administraci\u00f3n abierta y ciudadan\u00eda: Transparencia, participaci\u00f3n e innovaci\u00f3n p\u00fablica<\/em><\/strong><\/a>, desarrollado por el equipo de <strong>IT_GesPub<\/strong> para <a rel=\"noreferrer noopener\" href=\"https:\/\/www.aulamentor.es\/\" target=\"_blank\">Aula Mentor<\/a>, una iniciativa del Ministerio de Educaci\u00f3n y Formaci\u00f3n Profesional que pretende impulsar el aprendizaje a lo largo de la vida, a trav\u00e9s de una plataforma online y aulas f\u00edsicas que garantizan un mayor acceso a las tecnolog\u00edas.<\/p>\n\n\n\n<p><\/p>\n\n\n\n<figure class=\"wp-block-image aligncenter size-large is-resized\"><img decoding=\"async\" src=\"https:\/\/itgespub.net\/wp-content\/uploads\/2022\/07\/Aula-Mentor-1-1024x563.jpeg\" alt=\"\" class=\"wp-image-1827\" width=\"377\" height=\"207\" srcset=\"https:\/\/itgespub.net\/wp-content\/uploads\/2022\/07\/Aula-Mentor-1-1024x563.jpeg 1024w, https:\/\/itgespub.net\/wp-content\/uploads\/2022\/07\/Aula-Mentor-1-300x165.jpeg 300w, https:\/\/itgespub.net\/wp-content\/uploads\/2022\/07\/Aula-Mentor-1-768x422.jpeg 768w, https:\/\/itgespub.net\/wp-content\/uploads\/2022\/07\/Aula-Mentor-1-1536x845.jpeg 1536w, https:\/\/itgespub.net\/wp-content\/uploads\/2022\/07\/Aula-Mentor-1-18x10.jpeg 18w, https:\/\/itgespub.net\/wp-content\/uploads\/2022\/07\/Aula-Mentor-1-920x506.jpeg 920w, https:\/\/itgespub.net\/wp-content\/uploads\/2022\/07\/Aula-Mentor-1-230x127.jpeg 230w, https:\/\/itgespub.net\/wp-content\/uploads\/2022\/07\/Aula-Mentor-1-350x193.jpeg 350w, https:\/\/itgespub.net\/wp-content\/uploads\/2022\/07\/Aula-Mentor-1-480x264.jpeg 480w, https:\/\/itgespub.net\/wp-content\/uploads\/2022\/07\/Aula-Mentor-1.jpeg 1756w\" sizes=\"(max-width: 377px) 100vw, 377px\" \/><\/figure>\n\n\n\n<p>Siguiendo la metodolog\u00eda de Aula Mentor, este curso est\u00e1 disponible para cualquier persona que desee aprender aspectos b\u00e1sicos sobre el Gobierno Abierto y la Administraci\u00f3n Abierta, para as\u00ed mejorar su relaci\u00f3n con las instituciones p\u00fablicas. Como destac\u00f3 J. Ignacio Criado durante la presentaci\u00f3n, es fundamental recordar que la democracia comienza desde lo local y que es fundamental acercar las instituciones a los\/as ciudadanos\/as y poner a la ciudadan\u00eda en el centro.&nbsp; El curso cuenta con cinco temas, que exploran elementos claves como la transparencia, el acceso a la informaci\u00f3n p\u00fablica, la participaci\u00f3n, la co-creaci\u00f3n de pol\u00edticas p\u00fablicas, la colaboraci\u00f3n y la innovaci\u00f3n p\u00fablica, a trav\u00e9s de datos, casos pr\u00e1cticos y ejemplos. La informaci\u00f3n sobre la matriculaci\u00f3n est\u00e1 disponible en este <a rel=\"noreferrer noopener\" href=\"https:\/\/www.aulamentor.es\/\" target=\"_blank\">enlace<\/a>.&nbsp;<\/p>\n\n\n\n<p>Desde <strong>IT_GesPub<\/strong> continuaremos nuestro compromiso con los valores del Gobierno Abierto y la Administraci\u00f3n Abierta, a trav\u00e9s de iniciativas de investigaci\u00f3n, formaci\u00f3n y acci\u00f3n.<\/p>\n\n\n\n<p>&nbsp;<\/p>","protected":false},"excerpt":{"rendered":"<p>El equipo de IT_GesPub estuvo presente en la Semana de la Administraci\u00f3n Abierta 2022 \u2014que se celebr\u00f3 desde el 21 de junio hasta el 1 de julio\u2014, concretamente en dos actividades que resaltaron el potencial que tiene el Gobierno Abierto y la Administraci\u00f3n Abierta para transformar la gesti\u00f3n de los asuntos p\u00fablicos.\u00a0<\/p>","protected":false},"author":8,"featured_media":1820,"comment_status":"closed","ping_status":"closed","sticky":false,"template":"","format":"standard","meta":{"footnotes":""},"categories":[11],"tags":[86,87,73],"class_list":["post-1819","post","type-post","status-publish","format-standard","has-post-thumbnail","hentry","category-actividades-y-eventos","tag-administracion-abierta","tag-formacion","tag-gobierno-abierto"],"_links":{"self":[{"href":"https:\/\/itgespub.net\/en\/wp-json\/wp\/v2\/posts\/1819","targetHints":{"allow":["GET"]}}],"collection":[{"href":"https:\/\/itgespub.net\/en\/wp-json\/wp\/v2\/posts"}],"about":[{"href":"https:\/\/itgespub.net\/en\/wp-json\/wp\/v2\/types\/post"}],"author":[{"embeddable":true,"href":"https:\/\/itgespub.net\/en\/wp-json\/wp\/v2\/users\/8"}],"replies":[{"embeddable":true,"href":"https:\/\/itgespub.net\/en\/wp-json\/wp\/v2\/comments?post=1819"}],"version-history":[{"count":0,"href":"https:\/\/itgespub.net\/en\/wp-json\/wp\/v2\/posts\/1819\/revisions"}],"wp:featuredmedia":[{"embeddable":true,"href":"https:\/\/itgespub.net\/en\/wp-json\/wp\/v2\/media\/1820"}],"wp:attachment":[{"href":"https:\/\/itgespub.net\/en\/wp-json\/wp\/v2\/media?parent=1819"}],"wp:term":[{"taxonomy":"category","embeddable":true,"href":"https:\/\/itgespub.net\/en\/wp-json\/wp\/v2\/categories?post=1819"},{"taxonomy":"post_tag","embeddable":true,"href":"https:\/\/itgespub.net\/en\/wp-json\/wp\/v2\/tags?post=1819"}],"curies":[{"name":"wp","href":"https:\/\/api.w.org\/{rel}","templated":true}]}}