{"id":1765,"date":"2022-03-04T14:05:27","date_gmt":"2022-03-04T12:05:27","guid":{"rendered":"https:\/\/itgespub.net\/?p=1765"},"modified":"2022-03-15T19:09:25","modified_gmt":"2022-03-15T17:09:25","slug":"conectando-nodos-open-data-day-2022","status":"publish","type":"post","link":"https:\/\/itgespub.net\/en\/conectando-nodos-open-data-day-2022\/","title":{"rendered":"Conectando nodos. Open Data Day 2022"},"content":{"rendered":"<p>Un mundo complejo y de alto desarrollo tecnol\u00f3gico genera nuevas esferas, espacios con un lenguaje, funcionamiento e incluso efem\u00e9rides propias. El 5 de marzo, se celebra el <strong>D\u00eda de los Datos Abiertos<\/strong> u <em><strong>Open Data Day<\/strong><\/em>. Este evento, impulsado por primera vez en 2010 por la <a rel=\"noreferrer noopener\" href=\"https:\/\/okfn.org\/\" target=\"_blank\">Open Knowledge Foundation<\/a>, nos recuerda la importancia de fomentar la apertura y reutilizaci\u00f3n de informaci\u00f3n en una sociedad profundamente conectada a nivel digital, esto es, en una sociedad en red. Basta con un simple vistazo a los sucesos que nos rodean para damos cuenta de c\u00f3mo los propios flujos de informaci\u00f3n marcan nuestro tiempo, nuestro d\u00eda a d\u00eda. Sin embargo, estos mismos datos pueden ser utilizados por las administraciones p\u00fablicas y los ciudadanos para abordar problemas sociales de manera innovadora, dise\u00f1ando pol\u00edticas p\u00fablicas y coproduciendo servicios que generen un mayor valor p\u00fablico.<\/p>\n\n\n\n<p>En esta l\u00ednea, 122 eventos a nivel internacional se han registrado en el <a href=\"https:\/\/opendataday.org\/es_es\/\" target=\"_blank\" rel=\"noreferrer noopener\">opendataday.org<\/a>. Presentaciones de libros, debates acalorados sobre los retos y oportunidades de los datos abiertos y concursos de reutilizaci\u00f3n (<em>datatones<\/em>) tendr\u00e1n lugar los pr\u00f3ximos d\u00edas. Esta es una llamada a la colaboraci\u00f3n entre actores de distintas \u00e1reas profesionales y de conocimiento: funcionarios\/as p\u00fablicos, desarrolladores\/as, dise\u00f1adores\/as web, estad\u00edsticos\/as y, por supuesto, la propia ciudadan\u00eda. El objetivo es ampliar la comunidad <em><strong>open data<\/strong><\/em> y formular propuestas conjuntas a problemas sociales actuales a trav\u00e9s de la reutilizaci\u00f3n de datos abiertos. Estos eventos orbitan en torno a <a href=\"https:\/\/opendataday.org\/es_es\/\" target=\"_blank\" rel=\"noreferrer noopener\">cuatro \u00e1reas clave<\/a>: datos ambientales, rastreo de flujos de dinero p\u00fablico, mapeo abierto y desarrollo equitativo.<\/p>\n\n\n\n<p>Desde <a href=\"https:\/\/itgespub.net\/en\/\" target=\"_blank\" rel=\"noreferrer noopener\">IT_GesPub<\/a> queremos aprovechar esta oportunidad para dar visibilidad a algunas iniciativas, aplicaciones y servicios innovadores que abordan estas tem\u00e1ticas y que pueden servir de inspiraci\u00f3n a futuras acciones que involucren la utilizaci\u00f3n intensiva de datos abiertos.<\/p>\n\n\n\n<h4 class=\"wp-block-heading\"><strong>Medio ambiente<\/strong><\/h4>\n\n\n\n<p>Una de las numerosas iniciativas que reutiliza <strong>datos abiertos<\/strong> y que est\u00e1 dedicada a abordar problem\u00e1ticas medioambientales es <a rel=\"noreferrer noopener\" href=\"https:\/\/cleanspotapp.com\/\" target=\"_blank\">Cleanspot<\/a>. Es una app m\u00f3vil que se nutre de distintas fuentes de datos y permite geolocalizar puntos de reciclaje y de reutilizaci\u00f3n de residuos en la localidad del usuario. Una de las funcionalidades clave de esta aplicaci\u00f3n es que permite tomar fotos de los residuos para identificar los contenedores espec\u00edficos en los que se deben depositar y calcular la producci\u00f3n de CO2 que se evita. En este sentido, se han generado numerosas aplicaciones relacionadas con la contaminaci\u00f3n y los espacios verdes. Podr\u00eda ser interesante de cara al futuro promover iniciativas colaborativas entre el sector p\u00fablico y privado que utilicen y combinen de manera exhaustiva datos abiertos en materia de explotaci\u00f3n agr\u00edcola y ganadera para paliar el desperdicio de alimentos y la degradaci\u00f3n medioambiental provocada por estas actividades.<\/p>\n\n\n\n<h4 class=\"wp-block-heading\"><strong>Dinero p\u00fablico<\/strong><\/h4>\n\n\n\n<p>La publicaci\u00f3n de <strong>datos abiertos<\/strong> sobre el dinero p\u00fablico gestionado por nuestras administraciones es otra clara deriva de estas iniciativas. Desde los portales de datos abiertos de los ayuntamientos de <a href=\"https:\/\/www.bilbao.eus\/opendata\/es\/inicio\" target=\"_blank\" rel=\"noreferrer noopener\">Bilbao<\/a>, <a href=\"http:\/\/opendata.ayto-caceres.es\/\" target=\"_blank\" rel=\"noreferrer noopener\">C\u00e1ceres<\/a>, <a href=\"https:\/\/datos.alcobendas.org\/pages\/informacion-datos-abiertos\" target=\"_blank\" rel=\"noreferrer noopener\">Alcobendas<\/a> o <a href=\"https:\/\/datos.madrid.es\/portal\/site\/egob\" target=\"_blank\" rel=\"noreferrer noopener\">Madrid<\/a>, entre otros, se publican visualizaciones interactivas sobre los ingresos y los gastos municipales. La difusi\u00f3n de los conjuntos de datos en esta materia supone un reforzamiento de los pilares principales de la democracia ya que funciona, principalmente, como herramienta de transparencia y rendici\u00f3n de cuentas: una forma de contribuir a destapar&nbsp; la corrupci\u00f3n y aquellos actos moralmente cuestionables en los que se pueden ver envueltos los cargos p\u00fablicos de la administraci\u00f3n.<\/p>\n\n\n\n<h4 class=\"wp-block-heading\"><strong>Mapeo abierto<\/strong><\/h4>\n\n\n\n<p>Una aplicaci\u00f3n clave para comprender la importancia de los datos espaciales abiertos es <a href=\"https:\/\/riesgovolcanico-lapalma.hub.arcgis.com\/\" target=\"_blank\" rel=\"noreferrer noopener\">Riesgo Volc\u00e1nico<\/a>. Este servicio desarrollado por el <em>Servicio de Innovaci\u00f3n Proyecto La Palma Smart<\/em>, del Cabildo de La Palma, ha tenido como objetivo principal proveer informaci\u00f3n sobre la erupci\u00f3n volc\u00e1nica que sufri\u00f3 la isla a principios de septiembre de 2021 y que se extendi\u00f3 hasta el 13 de diciembre del mismo a\u00f1o. Numerosos datos estad\u00edsticos y mapas abiertos sobre el n\u00famero de se\u00edsmos, su magnitud, el per\u00edmetro de las coladas volc\u00e1nicas o el n\u00famero de personas afectadas, entre otros, han sido publicados desde entonces. La importancia de los <strong>datos abiertos <\/strong>en este caso es notoria tanto para la gesti\u00f3n de la cat\u00e1strofe como para la recuperaci\u00f3n y reconstrucci\u00f3n de la isla.<\/p>\n\n\n\n<h4 class=\"wp-block-heading\"><strong>Desarrollo equitativo&nbsp;<\/strong><\/h4>\n\n\n\n<p>Los<strong> datos abiertos<\/strong> tambi\u00e9n est\u00e1n siendo utilizados para hacer visibles y abordar las desigualdades de g\u00e9nero todav\u00eda existentes en nuestras sociedades. Una iniciativa que ha utilizado datos abiertos y que particip\u00f3 en actividades relacionadas con el <em>Open Data Day<\/em> de 2019 en Argentina se llama <a rel=\"noreferrer noopener\" href=\"https:\/\/ecofeminita.com\/menstruaccion\/\" target=\"_blank\">Menstruacci\u00f3n<\/a>. Esta iniciativa trata de evidenciar la brecha de g\u00e9nero existente en la propia adquisici\u00f3n de productos, en este caso, de tampones y compresas, al no ser considerados en la mayor\u00eda de pa\u00edses como un bien de primera necesidad. Su objetivo principal era calcular cu\u00e1nto dinero gasta una mujer argentina a lo largo de su vida en su menstruaci\u00f3n. Aproximadamente, calculan un gasto total anual de 34,30\u20ac en compresas y 39,19\u20ac en tampones. Adem\u00e1s, desarrollaron una <a rel=\"noreferrer noopener\" href=\"https:\/\/layitx.shinyapps.io\/menstruaccion_app\/\" target=\"_blank\">aplicaci\u00f3n propia<\/a> para que las usuarias realicen sus c\u00e1lculos individuales. En el \u00e1mbito del <em>open data<\/em>, contin\u00faan publicando de manera activa informaci\u00f3n sobre pol\u00edticas p\u00fablicas menstruales a nivel internacional e indicadores, datos estad\u00edsticos e informes tem\u00e1ticos para evidenciar otras tantas desigualdades de g\u00e9nero.<\/p>\n\n\n\n<p><strong>Carlos Jim\u00e9nez Cid. <\/strong>Investigador predoctoral en el Departamento de Ciencia Pol\u00edtica y Relaciones Internacionales, Facultad de Derecho, Universidad Aut\u00f3noma de Madrid.<\/p>","protected":false},"excerpt":{"rendered":"<p>El 5 de marzo, se celebra el D\u00eda de los Datos Abiertos u Open Data. Este evento, impulsado por primera vez en 2010 por la Open Knowledge Foundation, nos recuerda la importancia de fomentar la apertura y reutilizaci\u00f3n de informaci\u00f3n en una sociedad profundamente conectada a nivel digital, esto es, en una sociedad en red. Basta con un simple vistazo a los sucesos que nos rodean para damos cuenta de c\u00f3mo los propios flujos de informaci\u00f3n marcan nuestro tiempo, nuestro d\u00eda a d\u00eda. Sin embargo, estos mismos datos pueden ser utilizados por las administraciones p\u00fablicas y los ciudadanos para abordar problemas sociales de manera innovadora, dise\u00f1ando pol\u00edticas p\u00fablicas y coproduciendo servicios que generen un mayor valor p\u00fablico.<\/p>","protected":false},"author":8,"featured_media":1771,"comment_status":"closed","ping_status":"closed","sticky":false,"template":"","format":"standard","meta":{"footnotes":""},"categories":[11],"tags":[83,28,64,18],"class_list":["post-1765","post","type-post","status-publish","format-standard","has-post-thumbnail","hentry","category-actividades-y-eventos","tag-opendataday2022","tag-colaboracion","tag-datos-abiertos","tag-innovacion"],"_links":{"self":[{"href":"https:\/\/itgespub.net\/en\/wp-json\/wp\/v2\/posts\/1765","targetHints":{"allow":["GET"]}}],"collection":[{"href":"https:\/\/itgespub.net\/en\/wp-json\/wp\/v2\/posts"}],"about":[{"href":"https:\/\/itgespub.net\/en\/wp-json\/wp\/v2\/types\/post"}],"author":[{"embeddable":true,"href":"https:\/\/itgespub.net\/en\/wp-json\/wp\/v2\/users\/8"}],"replies":[{"embeddable":true,"href":"https:\/\/itgespub.net\/en\/wp-json\/wp\/v2\/comments?post=1765"}],"version-history":[{"count":0,"href":"https:\/\/itgespub.net\/en\/wp-json\/wp\/v2\/posts\/1765\/revisions"}],"wp:featuredmedia":[{"embeddable":true,"href":"https:\/\/itgespub.net\/en\/wp-json\/wp\/v2\/media\/1771"}],"wp:attachment":[{"href":"https:\/\/itgespub.net\/en\/wp-json\/wp\/v2\/media?parent=1765"}],"wp:term":[{"taxonomy":"category","embeddable":true,"href":"https:\/\/itgespub.net\/en\/wp-json\/wp\/v2\/categories?post=1765"},{"taxonomy":"post_tag","embeddable":true,"href":"https:\/\/itgespub.net\/en\/wp-json\/wp\/v2\/tags?post=1765"}],"curies":[{"name":"wp","href":"https:\/\/api.w.org\/{rel}","templated":true}]}}