{"id":1749,"date":"2022-02-03T11:27:58","date_gmt":"2022-02-03T09:27:58","guid":{"rendered":"https:\/\/itgespub.net\/?p=1749"},"modified":"2022-03-15T19:10:56","modified_gmt":"2022-03-15T17:10:56","slug":"claves-para-el-exito-de-la-politica-de-administracion-digital-una-mirada-a-espana","status":"publish","type":"post","link":"https:\/\/itgespub.net\/en\/claves-para-el-exito-de-la-politica-de-administracion-digital-una-mirada-a-espana\/","title":{"rendered":"Claves para el \u00c9xito de la Pol\u00edtica de Administraci\u00f3n Digital: Una Mirada a Espa\u00f1a"},"content":{"rendered":"<p>La Uni\u00f3n Europea (UE) se adentr\u00f3 en el siglo XXI de la mano de la <strong>Estrategia de Lisboa<\/strong>, alumbrada bajo la presidencia portuguesa en el primer semestre de 2000. Se entendi\u00f3 entonces que uno de los pilares, entre otros, sobre los que construir el futuro de una UE m\u00e1s competitiva, din\u00e1mica y basada en el conocimiento deb\u00eda incluir <strong>\u201c<em>Una sociedad de la informaci\u00f3n para todos<\/em>\u201d<\/strong> (<a href=\"https:\/\/www.europarl.europa.eu\/summits\/lis1_es.htm\" target=\"_blank\" rel=\"noreferrer noopener\">Conclusiones del Consejo Europeo de Lisboa, 24 y 24 de marzo de 2000<\/a>). <\/p>\n\n\n\n<p>Durante veinte a\u00f1os, la incorporaci\u00f3n creciente de tecnolog\u00edas de la informaci\u00f3n y la comunicaci\u00f3n (TIC) en los diferentes \u00e1mbitos de la vida humana ha marcado los avances en nuestra sociedad, pero tambi\u00e9n en nuestra econom\u00eda, cultura, pol\u00edtica, etc. Particularmente, la creciente digitalizaci\u00f3n del sector p\u00fablico ha sido uno de los temas que ha generado m\u00e1s inter\u00e9s en <a href=\"https:\/\/eur-lex.europa.eu\/legal-content\/EN\/TXT\/?uri=CELEX%3A52016DC0179\" target=\"_blank\" rel=\"noreferrer noopener\">diferentes estrategias europeas<\/a>, dando origen a un aprovechamiento creciente de las TIC en distintos \u00e1mbitos. Ahora, adem\u00e1s de sostener que esta es la <a href=\"https:\/\/digital-strategy.ec.europa.eu\/en\/news\/state-union-commission-proposes-path-digital-decade-deliver-eus-digital-transformation-2030\" target=\"_blank\" rel=\"noreferrer noopener\">d\u00e9cada digital<\/a>, este proceso ha adquirido trazas diferentes en la UE, sobre todo con las renovadas demandas ciudadanas de apertura y colaboraci\u00f3n en los asuntos p\u00fablicos, as\u00ed como la <a href=\"https:\/\/itgespub.net\/en\/hacia-una-politica-de-inteligencia-artificial-en-la-union-europea-y-espana\/\" target=\"_blank\" rel=\"noreferrer noopener\">revoluci\u00f3n 4.0 empujada por las nuevas tecnolog\u00edas algor\u00edtmicas relacionadas con los sistemas de inteligencia artificial<\/a>. De ah\u00ed la importancia de que <strong>las pol\u00edticas p\u00fablicas de digitalizaci\u00f3n del sector p\u00fablico<\/strong> o <strong>Administraci\u00f3n Digital (AD)<\/strong> se dise\u00f1en a partir del conocimiento sobre las claves para su \u00e9xito.<\/p>\n\n\n\n<p>Desde el cambio de siglo, la definici\u00f3n de AD resulta m\u00e1s o menos compartida, si bien ha evolucionado con el tiempo. De forma resumida, la AD se entend\u00eda inicialmente como la incorporaci\u00f3n, utilizaci\u00f3n y uso de las TIC en el \u00e1mbito de gobiernos y administraciones p\u00fablicas, junto con los procesos institucionales de cambio necesarios, para <strong>mejorar<\/strong> (i) los <strong>servicios p\u00fablicos<\/strong>, (ii) la <strong>adopci\u00f3n de decisiones p\u00fablicas<\/strong> o (iii) la <strong>implantaci\u00f3n de las pol\u00edticas p\u00fablicas<\/strong>. Si bien es una visi\u00f3n probablemente limitada por su extensi\u00f3n, ha permitido enfocar las pol\u00edticas de AD en los aspectos m\u00e1s relevantes del proceso pol\u00edtico e institucional. Al mismo tiempo, se ha ido ampliando el foco de la AD por su creciente impacto a nivel econ\u00f3mico, social, cultural, e incluso \u00e9tico. Estas inquietudes han estado presentes tambi\u00e9n en nuestro contexto.<\/p>\n\n\n\n<p>El desarrollo de la AD tambi\u00e9n se ha ido materializando en esas esferas dentro del <strong>sector p\u00fablico<\/strong> <strong>espa\u00f1ol<\/strong>. Primero, las TIC han logrado un aumento notable en la digitalizaci\u00f3n de procesos administrativos (la Agencia Tributaria siempre ha sido un buen modelo, aunque tambi\u00e9n han funcionado otras islas de innovaci\u00f3n) en diferentes \u00e1mbitos de prestaci\u00f3n de servicio p\u00fablico. Segundo, las TIC han facilitado la progresiva incorporaci\u00f3n de percepciones ciudadanas en las din\u00e1micas de adopci\u00f3n de decisiones p\u00fablicas, por ejemplo, mediante la <a href=\"https:\/\/transparencia.gob.es\/transparencia\/transparencia_Home\/index\/ParticipacionCiudadana\/ParticipacionProyectosNormativos.html\" target=\"_blank\" rel=\"noreferrer noopener\">participaci\u00f3n en procesos de elaboraci\u00f3n normativa a trav\u00e9s de los portales web de los departamentos ministeriales<\/a> o la <a href=\"https:\/\/www.inap.es\/documents\/10136\/1677496\/PagInicia-Las-redes-sociales.pdf\/fa53f895-d39e-107e-3098-ba17a76ba539\" target=\"_blank\" rel=\"noreferrer noopener\">escucha inteligente facilitada por las redes sociales<\/a>. Tercero, las TIC han dado cauce a la m\u00e1s reciente colaboraci\u00f3n con la ciudadan\u00eda en la implementaci\u00f3n de pol\u00edticas y servicios p\u00fablicos, quiz\u00e1 con los <a href=\"https:\/\/www.laaab.es\/\" target=\"_blank\" rel=\"noreferrer noopener\">laboratorios ciudadanos como caso m\u00e1s notorio de experimentaci\u00f3n compartida para resolver problemas colectivos<\/a>, y usando tambi\u00e9n <a href=\"https:\/\/www.santandercitybrain.com\/\" target=\"_blank\" rel=\"noreferrer noopener\">entornos digitales de generaci\u00f3n de ideas<\/a> o a trav\u00e9s de <a href=\"https:\/\/decide.madrid.es\/\" target=\"_blank\" rel=\"noreferrer noopener\">plataformas digitales de colaboraci\u00f3n<\/a>.<\/p>\n\n\n\n<h4 class=\"wp-block-heading\"><strong>Factores para una buena institucionalizaci\u00f3n de la digitalizaci\u00f3n<\/strong><\/h4>\n\n\n\n<p>Por tanto, <strong>\u00bfqu\u00e9 deber\u00edamos hacer de cara al futuro para aprovechar lo positivo de nuestras pol\u00edticas p\u00fablicas de AD y superar las limitaciones existentes?<\/strong> En parte, la respuesta pretende ser contenida en dos documentos de pol\u00edtica clave: <a href=\"https:\/\/portal.mineco.gob.es\/ca-es\/ministerio\/estrategias\/Pagines\/00_Espana_Digital_2025.aspx\" target=\"_blank\" rel=\"noreferrer noopener\"><em>Agenda Espa\u00f1a Digital 2025<\/em><\/a> y <a href=\"https:\/\/administracionelectronica.gob.es\/pae_Home\/pae_Estrategias\/Estrategia-TIC\/Plan-Digitalizacion-AAPP.html#.YeWvKS0rxkU\" target=\"_blank\" rel=\"noreferrer noopener\"><em>Plan de Digitalizaci\u00f3n de las Administraciones P\u00fablicas 2021-2025<\/em><\/a>. El primero (<em>Agenda Espa\u00f1a Digital 2025<\/em>) conecta la transformaci\u00f3n digital de Espa\u00f1a a la llamada cuarta revoluci\u00f3n industrial centrada en tecnolog\u00edas como inteligencia artificial, <em>blockchain<\/em>, <em>big data<\/em>, 5G o la computaci\u00f3n cu\u00e1ntica, dentro de un enfoque que tiene en cuenta la Agenda 2030 y los <a href=\"https:\/\/www.un.org\/sustainabledevelopment\/es\/objetivos-de-desarrollo-sostenible\/\">Objetivos de <\/a><a href=\"https:\/\/www.un.org\/sustainabledevelopment\/es\/objetivos-de-desarrollo-sostenible\/\" target=\"_blank\" rel=\"noreferrer noopener\">D<\/a><a href=\"https:\/\/www.un.org\/sustainabledevelopment\/es\/objetivos-de-desarrollo-sostenible\/\">esarrollo Sostenible<\/a>.<\/p>\n\n\n\n<div class=\"wp-block-image\"><figure class=\"aligncenter size-large is-resized\"><img fetchpriority=\"high\" decoding=\"async\" src=\"https:\/\/itgespub.net\/wp-content\/uploads\/2022\/02\/Captura-de-pantalla-2022-02-02-a-las-14.26.329251-727x1024.png\" alt=\"\" class=\"wp-image-1750\" width=\"452\" height=\"637\" srcset=\"https:\/\/itgespub.net\/wp-content\/uploads\/2022\/02\/Captura-de-pantalla-2022-02-02-a-las-14.26.329251-727x1024.png 727w, https:\/\/itgespub.net\/wp-content\/uploads\/2022\/02\/Captura-de-pantalla-2022-02-02-a-las-14.26.329251-213x300.png 213w, https:\/\/itgespub.net\/wp-content\/uploads\/2022\/02\/Captura-de-pantalla-2022-02-02-a-las-14.26.329251-768x1082.png 768w, https:\/\/itgespub.net\/wp-content\/uploads\/2022\/02\/Captura-de-pantalla-2022-02-02-a-las-14.26.329251-9x12.png 9w, https:\/\/itgespub.net\/wp-content\/uploads\/2022\/02\/Captura-de-pantalla-2022-02-02-a-las-14.26.329251-920x1297.png 920w, https:\/\/itgespub.net\/wp-content\/uploads\/2022\/02\/Captura-de-pantalla-2022-02-02-a-las-14.26.329251-230x324.png 230w, https:\/\/itgespub.net\/wp-content\/uploads\/2022\/02\/Captura-de-pantalla-2022-02-02-a-las-14.26.329251-350x493.png 350w, https:\/\/itgespub.net\/wp-content\/uploads\/2022\/02\/Captura-de-pantalla-2022-02-02-a-las-14.26.329251-480x676.png 480w, https:\/\/itgespub.net\/wp-content\/uploads\/2022\/02\/Captura-de-pantalla-2022-02-02-a-las-14.26.329251.png 1080w\" sizes=\"(max-width: 452px) 100vw, 452px\" \/><\/figure><\/div>\n\n\n\n<div class=\"wp-block-group is-layout-flow wp-block-group-is-layout-flow\">\n<p class=\"has-text-align-left\">El segundo (<em>Plan de Digitalizaci\u00f3n de las Administraciones P\u00fablicas 2021-2025<\/em>) se orienta a materializar lo anterior desde y en el sector p\u00fablico, con una notable orientaci\u00f3n en los contenidos del <a href=\"https:\/\/www.lamoncloa.gob.es\/temas\/fondos-recuperacion\/Documents\/05052021-Componente11.pdf\" target=\"_blank\" rel=\"noreferrer noopener\"><em>Plan de Recuperaci\u00f3n, Transformaci\u00f3n y Resiliencia<\/em> (componente 11)<\/a>, sobre la base de tres ejes (y diecisiete medidas): (1) transformaci\u00f3n digital de la AGE; (2) proyectos de alto impacto en la digitalizaci\u00f3n del sector p\u00fablico; y (3) transformaci\u00f3n digital y modernizaci\u00f3n del ministerio de funci\u00f3n p\u00fablica, comunidades aut\u00f3nomas y entidades locales. La definici\u00f3n de las l\u00edneas de actuaci\u00f3n tambi\u00e9n resulta coherente con algunos de los temas esenciales, tales como la orientaci\u00f3n a la ciudadan\u00eda, la automatizaci\u00f3n inteligente de procesos, la transparencia y pol\u00edticas basadas en datos, los entornos digitales l\u00edquidos y la ciberseguridad. A ello se unen los cl\u00e1sicos proyectos de alto impacto, que no han terminado de fraguarse durante los a\u00f1os anteriores, especialmente, en \u00e1reas clave de justicia, salud, seguridad social, empleo, administraci\u00f3n exterior o colaboraci\u00f3n con otros niveles administrativos.<\/p>\n<\/div>\n\n\n\n<p>Por tanto, si la hoja de ruta est\u00e1 ah\u00ed, <strong>\u00bfqu\u00e9 nos faltar\u00eda para convertir este plan en realidad? <\/strong>La respuesta tiene que ver con los grandes desaf\u00edos de futuro de la digitalizaci\u00f3n del sector p\u00fablico. Adem\u00e1s de disponer de una planificaci\u00f3n estrat\u00e9gica, es necesario voluntad pol\u00edtica y capacidad de gobernanza para llevarla a la pr\u00e1ctica, sobre todo, priorizando una serie de palancas clave. Desde la perspectiva de la gobernanza de la AD en Espa\u00f1a, un factor facilitador (pero tambi\u00e9n un posible cuello de botella) se encuentra en los fondos de recuperaci\u00f3n europeos <strong><em>Next Generation<\/em><\/strong>, cuya orientaci\u00f3n a la digitalizaci\u00f3n, incluyendo una gran cantidad de proyectos dentro del sector p\u00fablico, pondr\u00e1 en tensi\u00f3n las capacidades de gesti\u00f3n de la Secretar\u00eda General de Administraci\u00f3n Digital, <a href=\"https:\/\/www.eldiario.es\/sociedad\/ultima-hora-coronavirus-actualidad-politica-13-octubre_6_8390405_1079333.html\" target=\"_blank\" rel=\"noreferrer noopener\">ahora transformada en Agencia Estatal de Administraci\u00f3n Digital<\/a> (mediante la <a href=\"https:\/\/www.boe.es\/diario_boe\/txt.php?id=BOE-A-2021-21653\" target=\"_blank\" rel=\"noreferrer noopener\">Ley 22\/2021, de 28 de diciembre, de Presupuestos Generales del Estado para el a\u00f1o 2022<\/a>).<\/p>\n\n\n\n<p>En definitiva, el factor clave de la gobernanza de la pol\u00edtica de AD es esencial, de manera que est\u00e1 por ver en qu\u00e9 medida este cambio supone un refuerzo del m\u00fasculo humano y financiero, pero tambi\u00e9n de la capacidad de inteligencia para la coordinaci\u00f3n y control de los datos y proyectos a implementar en el conjunto de las administraciones p\u00fablicas. Ahora se dispone de todo el arsenal organizativo para que quienes lideran la digitalizaci\u00f3n puedan promover una implementaci\u00f3n adecuada de los proyectos comprometidos. Lo anterior no ser\u00e1 posible sin tener en cuenta otras palancas clave de la pol\u00edtica p\u00fablica de AD en Espa\u00f1a. A modo de resumen:<\/p>\n\n\n\n<ul class=\"wp-block-list\"><li>The <strong>gobierno de los datos <\/strong>p\u00fablicos como dimensi\u00f3n estrat\u00e9gica para lograr una <strong>gobernanza inteligente<\/strong>. Junto con su vertiente econ\u00f3mica, la gobernanza de los datos resulta un factor clave para generar valor p\u00fablico, sobre todo, en un contexto cada vez m\u00e1s diverso y con problemas colectivos altamente complejos.<\/li><li>La articulaci\u00f3n de un<strong> modelo <\/strong>de <a href=\"https:\/\/ec.europa.eu\/info\/strategy\/priorities-2019-2024\/europe-fit-digital-age\/european-digital-identity_en\" target=\"_blank\" rel=\"noreferrer noopener\"><strong>identidad digital de la ciudadan\u00eda<\/strong><\/a><strong> en su relaci\u00f3n con gobiernos y administraciones p\u00fablicas<\/strong>, as\u00ed como con el resto de actores p\u00fablicos y privados.<\/li><li>La <strong>facilidad de uso de los servicios digitales<\/strong>, que debe ser una aut\u00e9ntica realidad para evitar desigualdades. Al margen de los problemas de alfabetizaci\u00f3n digital existentes en cualquier sociedad, no deja de ser cierto que los problemas en el <a href=\"https:\/\/ec.europa.eu\/info\/strategy\/priorities-2019-2024\/europe-fit-digital-age\/digital-services-act-ensuring-safe-and-accountable-online-environment_en\" target=\"_blank\" rel=\"noreferrer noopener\">dise\u00f1o de los servicios p\u00fablicos digitales<\/a> siguen estando muy presentes, sobre todo, para algunos colectivos.<\/li><li>La atenci\u00f3n a la <a href=\"https:\/\/digital-strategy.ec.europa.eu\/en\/policies\/cybersecurity-policies\" target=\"_blank\" rel=\"noreferrer noopener\"><strong>ciberseguridad<\/strong><\/a> en un contexto de completa digitalizaci\u00f3n. La protecci\u00f3n de las personas vulnerables es esencial, as\u00ed como la garant\u00eda de que las infraestructuras b\u00e1sicas del Estado tambi\u00e9n quedan fuera de los riesgos de un inestable contexto global digitalizado.<\/li><li>Una adecuada<strong> coordinaci\u00f3n entre el conjunto de las administraciones p\u00fablicas del Estado<\/strong>, es decir, la interoperabilidad tanto dentro de la AGE como en el conjunto del sector p\u00fablico auton\u00f3mico y local, en l\u00ednea con la <a href=\"https:\/\/ec.europa.eu\/isa2\/shaping-future-interoperability-policy_en\" target=\"_blank\" rel=\"noreferrer noopener\">estrategia europea<\/a>.<\/li><li>The <strong>alineamiento con las oportunidades de la cuarta revoluci\u00f3n industrial<\/strong>. La digitalizaci\u00f3n basada en una <a href=\"https:\/\/ec.europa.eu\/info\/strategy\/priorities-2019-2024\/europe-fit-digital-age\/excellence-trust-artificial-intelligence_en\" target=\"_blank\" rel=\"noreferrer noopener\">burocracia algor\u00edtmica y sistemas de inteligencia artificial<\/a> supone muchos retos, pero tambi\u00e9n una clara oportunidad para los pa\u00edses que lideren estos procesos.<\/li><\/ul>\n\n\n\n<p>En ning\u00fan momento previo la pol\u00edtica de AD hab\u00eda llegado a ser tan importante para nuestra vida colectiva. Aprovechemos la oportunidad para ganar un futuro que se muestra incierto, a la par que abierto a nuevas preocupaciones sociales conectadas con una globalizaci\u00f3n inclusiva y una digitalizaci\u00f3n sostenible.<\/p>\n\n\n\n<p><strong>J. Ignacio Criado. <\/strong>Profesor de Ciencia Pol\u00edtica y de la Administraci\u00f3n. Departamento de Ciencia Pol\u00edtica y Relaciones Internacionales. Director, Lab Innovaci\u00f3n, Tecnolog\u00eda y Gesti\u00f3n P\u00fablica (ITGesPub), Grupo de Investigaci\u00f3n, Universidad Aut\u00f3noma de Madrid.<\/p>","protected":false},"excerpt":{"rendered":"<p>La Uni\u00f3n Europea (UE) se adentr\u00f3 en el siglo XXI de la mano de la Estrategia de Lisboa, alumbrada bajo la presidencia portuguesa en el primer semestre de 2000. Se entendi\u00f3 entonces que uno de los pilares, entre otros, sobre los que construir el futuro de una UE m\u00e1s competitiva, din\u00e1mica y basada en el conocimiento deb\u00eda incluir \u201cUna sociedad de la informaci\u00f3n para todos\u201d (Conclusiones del Consejo Europeo de Lisboa, 24 y 24 de marzo de 2000). <\/p>","protected":false},"author":8,"featured_media":1753,"comment_status":"closed","ping_status":"closed","sticky":false,"template":"","format":"standard","meta":{"footnotes":""},"categories":[22],"tags":[77,79,78],"class_list":["post-1749","post","type-post","status-publish","format-standard","has-post-thumbnail","hentry","category-opinion","tag-administracion-digital","tag-recuperacion","tag-revolucion-4-0"],"_links":{"self":[{"href":"https:\/\/itgespub.net\/en\/wp-json\/wp\/v2\/posts\/1749","targetHints":{"allow":["GET"]}}],"collection":[{"href":"https:\/\/itgespub.net\/en\/wp-json\/wp\/v2\/posts"}],"about":[{"href":"https:\/\/itgespub.net\/en\/wp-json\/wp\/v2\/types\/post"}],"author":[{"embeddable":true,"href":"https:\/\/itgespub.net\/en\/wp-json\/wp\/v2\/users\/8"}],"replies":[{"embeddable":true,"href":"https:\/\/itgespub.net\/en\/wp-json\/wp\/v2\/comments?post=1749"}],"version-history":[{"count":0,"href":"https:\/\/itgespub.net\/en\/wp-json\/wp\/v2\/posts\/1749\/revisions"}],"wp:featuredmedia":[{"embeddable":true,"href":"https:\/\/itgespub.net\/en\/wp-json\/wp\/v2\/media\/1753"}],"wp:attachment":[{"href":"https:\/\/itgespub.net\/en\/wp-json\/wp\/v2\/media?parent=1749"}],"wp:term":[{"taxonomy":"category","embeddable":true,"href":"https:\/\/itgespub.net\/en\/wp-json\/wp\/v2\/categories?post=1749"},{"taxonomy":"post_tag","embeddable":true,"href":"https:\/\/itgespub.net\/en\/wp-json\/wp\/v2\/tags?post=1749"}],"curies":[{"name":"wp","href":"https:\/\/api.w.org\/{rel}","templated":true}]}}