{"id":1465,"date":"2021-01-18T19:19:51","date_gmt":"2021-01-18T17:19:51","guid":{"rendered":"https:\/\/itgespub.net\/?p=1465"},"modified":"2021-01-18T19:28:35","modified_gmt":"2021-01-18T17:28:35","slug":"j-ignacio-criado-se-suma-al-consejo-editorial-de-la-revista-government-information-quarterly","status":"publish","type":"post","link":"https:\/\/itgespub.net\/en\/j-ignacio-criado-se-suma-al-consejo-editorial-de-la-revista-government-information-quarterly\/","title":{"rendered":"J. Ignacio Criado se suma al Consejo Editorial de la revista Government Information Quarterly"},"content":{"rendered":"<p><a href=\"https:\/\/www.linkedin.com\/authwall?trk=gf&amp;trkInfo=AQGnmPRIfLjQXgAAAXcU1u4wFEkjQFmCxdnyAZR0l4HkYi5W6td9XsBooG5dar2qixcFSj6OmOvJhsH7LoZpS-U8B3spuNCMqi64F_9qUXNB5lOfAxp4YgjIhtYADscn96CC-FE=&amp;originalReferer=&amp;sessionRedirect=https%3A%2F%2Fwww.linkedin.com%2Fin%2Fjicriado%2F\" target=\"_blank\" rel=\"noreferrer noopener\">J. Ignacio Criado<\/a>, director de <a href=\"https:\/\/itgespub.net\/en\/equipo\/\" target=\"_blank\" rel=\"noreferrer noopener\">IT_GesPub<\/a>, ha sido nombrado miembro del <a href=\"https:\/\/www.journals.elsevier.com\/government-information-quarterly\/editorial-board\" target=\"_blank\" rel=\"noreferrer noopener\">Consejo Editorial de <strong><em>Government Information Quarterly<\/em><\/strong><\/a>, una revista de gran impacto internacional en las Ciencias Sociales (Factor de impacto JCR en 2019: 5.098, Q1 en Ciencias de la Informaci\u00f3n; Factor de impacto SJR en 2019: 1.915, Q1 en Ciencia Pol\u00edtica y Sociolog\u00eda), dedicada al an\u00e1lisis de la interrelaci\u00f3n entre las pol\u00edticas p\u00fablicas, la tecnolog\u00eda de la informaci\u00f3n, el gobierno y el p\u00fablico.<\/p>\n\n\n\n<p>Nuestro director se suma a un equipo conformado por m\u00e1s de 50 investigadores de universidades de todo el mundo, entre las que se incluyen solo dos instituciones espa\u00f1olas: la Universidad de Granada, con la representaci\u00f3n de <a href=\"https:\/\/www.ugr.es\/personal\/167dea0049f02669f81b6fbb374986ec\" target=\"_blank\" rel=\"noreferrer noopener\">Manuel Pedro Rodr\u00edguez Bol\u00edvar<\/a>, y ahora la Universidad Aut\u00f3noma de Madrid.<\/p>\n\n\n\n<p>Con este nombramiento, J. Ignacio Criado participar\u00e1 en el proceso editorial de una revista l\u00edder en el \u00e1rea de tecnolog\u00eda, gobierno y democracia, que ya cuenta con 38 vol\u00famenes publicados desde 1984, y que tiene como coeditores en jefe a <a href=\"https:\/\/www.journals.elsevier.com\/government-information-quarterly\/editorial-board\/marijn-janssen\" target=\"_blank\" rel=\"noreferrer noopener\">Marijn Janssen<\/a>, de la Universidad de Tecnolog\u00eda Delft de los Pa\u00edses Bajos, y <a href=\"https:\/\/www.journals.elsevier.com\/government-information-quarterly\/editorial-board\/tomasz-janowski\" target=\"_blank\" rel=\"noreferrer noopener\">Tomasz Janowski<\/a>, de la Universidad Danube Krems de Austria y la Universidad Tecnol\u00f3gica de Gda\u0144sk en Polonia.<\/p>\n\n\n\n<p>Hasta el momento, J. Ignacio Criado ha realizado diversas contribuciones cient\u00edficas a esta revista con otros miembros del equipo: una de ellas, junto a Juli\u00e1n Villodre, sobre el <a href=\"https:\/\/www.sciencedirect.com\/science\/article\/abs\/pii\/S0740624X20303002\" target=\"_blank\" rel=\"noreferrer noopener\">uso de las redes sociales durante la gesti\u00f3n de emergencias<\/a>; otra, con David Valle-Cruz, Rodrigo Sandoval-Almaz\u00e1n y Edgar Ruvalcaba-G\u00f3mez, sobre el <a href=\"https:\/\/www.sciencedirect.com\/science\/article\/abs\/pii\/S0740624X20302884\" target=\"_blank\" rel=\"noreferrer noopener\">ciclo de pol\u00edticas p\u00fablicas en la era de la inteligencia artificial<\/a>. Tambi\u00e9n fue editor invitado y autor de un art\u00edculo junto a Rodrigo Sandoval-Almaz\u00e1n y J. Ram\u00f3n Gil-Garc\u00eda, en un <a href=\"https:\/\/www.sciencedirect.com\/science\/article\/abs\/pii\/S0740624X1300083X\" target=\"_blank\" rel=\"noreferrer noopener\">n\u00famero especial sobre redes sociales y gobierno publicado en 2013<\/a>, que se ha convertido en una referencia para los estudios de redes sociales en el sector p\u00fablico.<\/p>","protected":false},"excerpt":{"rendered":"<p>J. Ignacio Criado, director de IT_GesPub, ha sido nombrado miembro del Consejo Editorial de Government Information Quarterly, una revista de gran impacto internacional en las Ciencias Sociales (Factor de impacto JCR en 2019: 5.098, Q1 en Ciencias de la Informaci\u00f3n; Factor de impacto SJR en 2019: 1.915, Q1 en Ciencia Pol\u00edtica y Sociolog\u00eda), dedicada al an\u00e1lisis de la interrelaci\u00f3n entre las pol\u00edticas p\u00fablicas, la tecnolog\u00eda de la informaci\u00f3n, el gobierno y el p\u00fablico.<\/p>","protected":false},"author":8,"featured_media":1466,"comment_status":"closed","ping_status":"closed","sticky":false,"template":"","format":"standard","meta":{"footnotes":""},"categories":[31],"tags":[42,43],"class_list":["post-1465","post","type-post","status-publish","format-standard","has-post-thumbnail","hentry","category-noticias","tag-editorial-board","tag-government-information-quarterly"],"_links":{"self":[{"href":"https:\/\/itgespub.net\/en\/wp-json\/wp\/v2\/posts\/1465","targetHints":{"allow":["GET"]}}],"collection":[{"href":"https:\/\/itgespub.net\/en\/wp-json\/wp\/v2\/posts"}],"about":[{"href":"https:\/\/itgespub.net\/en\/wp-json\/wp\/v2\/types\/post"}],"author":[{"embeddable":true,"href":"https:\/\/itgespub.net\/en\/wp-json\/wp\/v2\/users\/8"}],"replies":[{"embeddable":true,"href":"https:\/\/itgespub.net\/en\/wp-json\/wp\/v2\/comments?post=1465"}],"version-history":[{"count":0,"href":"https:\/\/itgespub.net\/en\/wp-json\/wp\/v2\/posts\/1465\/revisions"}],"wp:featuredmedia":[{"embeddable":true,"href":"https:\/\/itgespub.net\/en\/wp-json\/wp\/v2\/media\/1466"}],"wp:attachment":[{"href":"https:\/\/itgespub.net\/en\/wp-json\/wp\/v2\/media?parent=1465"}],"wp:term":[{"taxonomy":"category","embeddable":true,"href":"https:\/\/itgespub.net\/en\/wp-json\/wp\/v2\/categories?post=1465"},{"taxonomy":"post_tag","embeddable":true,"href":"https:\/\/itgespub.net\/en\/wp-json\/wp\/v2\/tags?post=1465"}],"curies":[{"name":"wp","href":"https:\/\/api.w.org\/{rel}","templated":true}]}}